{"id":4663,"date":"2021-10-20T05:43:59","date_gmt":"2021-10-20T05:43:59","guid":{"rendered":"https:\/\/check.redneurocom.com\/molicom\/?p=4663"},"modified":"2021-10-20T05:45:09","modified_gmt":"2021-10-20T05:45:09","slug":"comercio-cia-llantas-presente-en-feria-internacional-minera","status":"publish","type":"post","link":"https:\/\/check.redneurocom.com\/molicom\/?p=4663","title":{"rendered":"Comercio &#038; C\u00eda. Llantas presente en Feria Internacional Minera"},"content":{"rendered":"\n<p><strong>Comercio Amazon\u00eda, exportaci\u00f3n de caf\u00e9 peruano<\/strong><\/p>\n\n\n\n<p>Las marcas Alliance, Galaxy y Primex de ATG presentaron sus principales modelos de neum\u00e1ticos. Para minicargadores el HULK Premium+ L5 de Galaxy; Para cargador frontal el 318 de Alliance y el G3000 de la marca Primex para motoniveladoras.<\/p>\n\n\n\n<p>De esta manera Comercio &amp; C\u00eda. Llantas ofreci\u00f3 una completa oferta de productos para todos los que asistieron a EXPOMINA 2018, y si usted no pudo visitarlos en la feria los invitamos a escribirles a o llamar al 512 3370 anexo 132.<\/p>\n\n\n\n<p><\/p>\n\n\n\n<figure class=\"wp-block-image\"><img src=\"https:\/\/www.molicom.com.pe\/web\/img\/noticias\/g_625_IMG_8649.jpg\" alt=\"Comercio &amp; C\u00eda. Llantas presente en Feria Internacional Minera\"\/><\/figure>\n","protected":false},"excerpt":{"rendered":"<p>Comercio Amazon\u00eda, exportaci\u00f3n de caf\u00e9 peruano Las marcas Alliance, Galaxy y Primex de ATG presentaron sus principales modelos de neum\u00e1ticos. Para minicargadores el HULK Premium+ L5 de Galaxy; Para cargador frontal el 318 de Alliance y el G3000 de la marca Primex para motoniveladoras. De esta manera Comercio &amp; C\u00eda. Llantas ofreci\u00f3 una completa oferta &hellip;<\/p>\n<p class=\"read-more\"> <a class=\"\" href=\"https:\/\/check.redneurocom.com\/molicom\/?p=4663\"> <span class=\"screen-reader-text\">Comercio &#038; C\u00eda. Llantas presente en Feria Internacional Minera<\/span> Read More &raquo;<\/a><\/p>\n","protected":false},"author":1,"featured_media":4667,"comment_status":"open","ping_status":"open","sticky":false,"template":"","format":"standard","meta":[],"categories":[1],"tags":[],"yoast_head":"<!-- This site is optimized with the Yoast SEO plugin v17.3 - https:\/\/yoast.com\/wordpress\/plugins\/seo\/ -->\n<title>Comercio &amp; C\u00eda. Llantas presente en Feria Internacional Minera - Grupo Molicom<\/title>\n<meta name=\"robots\" content=\"index, follow, max-snippet:-1, max-image-preview:large, max-video-preview:-1\" \/>\n<link rel=\"canonical\" href=\"https:\/\/check.redneurocom.com\/molicom\/?p=4663\" \/>\n<meta property=\"og:locale\" content=\"es_ES\" \/>\n<meta property=\"og:type\" content=\"article\" \/>\n<meta property=\"og:title\" content=\"Comercio &amp; C\u00eda. Llantas presente en Feria Internacional Minera - Grupo Molicom\" \/>\n<meta property=\"og:description\" content=\"Comercio Amazon\u00eda, exportaci\u00f3n de caf\u00e9 peruano Las marcas Alliance, Galaxy y Primex de ATG presentaron sus principales modelos de neum\u00e1ticos. Para minicargadores el HULK Premium+ L5 de Galaxy; Para cargador frontal el 318 de Alliance y el G3000 de la marca Primex para motoniveladoras. De esta manera Comercio &amp; C\u00eda. Llantas ofreci\u00f3 una completa oferta &hellip; Comercio &#038; C\u00eda. Llantas presente en Feria Internacional Minera Read More &raquo;\" \/>\n<meta property=\"og:url\" content=\"https:\/\/check.redneurocom.com\/molicom\/?p=4663\" \/>\n<meta property=\"og:site_name\" content=\"Grupo Molicom\" \/>\n<meta property=\"article:publisher\" content=\"https:\/\/www.facebook.com\/Grupo-Molicom-222968614426911\" \/>\n<meta property=\"article:published_time\" content=\"2021-10-20T05:43:59+00:00\" \/>\n<meta property=\"article:modified_time\" content=\"2021-10-20T05:45:09+00:00\" \/>\n<meta property=\"og:image\" content=\"https:\/\/check.redneurocom.com\/molicom\/wp-content\/uploads\/2021\/10\/g_625_IMG_86491.jpg\" \/>\n\t<meta property=\"og:image:width\" content=\"1063\" \/>\n\t<meta property=\"og:image:height\" content=\"709\" \/>\n<meta name=\"twitter:card\" content=\"summary_large_image\" \/>\n<meta name=\"twitter:label1\" content=\"Written by\" \/>\n\t<meta name=\"twitter:data1\" content=\"CTbc2cmOtX\" \/>\n\t<meta name=\"twitter:label2\" content=\"Est. reading time\" \/>\n\t<meta name=\"twitter:data2\" content=\"1 minuto\" \/>\n<script type=\"application\/ld+json\" class=\"yoast-schema-graph\">{\"@context\":\"https:\/\/schema.org\",\"@graph\":[{\"@type\":\"Organization\",\"@id\":\"https:\/\/check.redneurocom.com\/molicom\/#organization\",\"name\":\"Miromina\",\"url\":\"https:\/\/check.redneurocom.com\/molicom\/\",\"sameAs\":[\"https:\/\/www.facebook.com\/Grupo-Molicom-222968614426911\",\"https:\/\/www.linkedin.com\/m\/login\",\"https:\/\/www.youtube.com\/channel\/UCH483e_rvCIMxv23VT5EguA\"],\"logo\":{\"@type\":\"ImageObject\",\"@id\":\"https:\/\/check.redneurocom.com\/molicom\/#logo\",\"inLanguage\":\"es-PE\",\"url\":\"https:\/\/check.redneurocom.com\/molicom\/wp-content\/uploads\/2020\/11\/logo-miromina.png\",\"contentUrl\":\"https:\/\/check.redneurocom.com\/molicom\/wp-content\/uploads\/2020\/11\/logo-miromina.png\",\"width\":362,\"height\":97,\"caption\":\"Miromina\"},\"image\":{\"@id\":\"https:\/\/check.redneurocom.com\/molicom\/#logo\"}},{\"@type\":\"WebSite\",\"@id\":\"https:\/\/check.redneurocom.com\/molicom\/#website\",\"url\":\"https:\/\/check.redneurocom.com\/molicom\/\",\"name\":\"Grupo Molicom\",\"description\":\"Peruanos trabajando por el crecimiento del pais\",\"publisher\":{\"@id\":\"https:\/\/check.redneurocom.com\/molicom\/#organization\"},\"potentialAction\":[{\"@type\":\"SearchAction\",\"target\":{\"@type\":\"EntryPoint\",\"urlTemplate\":\"https:\/\/check.redneurocom.com\/molicom\/?s={search_term_string}\"},\"query-input\":\"required name=search_term_string\"}],\"inLanguage\":\"es-PE\"},{\"@type\":\"ImageObject\",\"@id\":\"https:\/\/check.redneurocom.com\/molicom\/?p=4663#primaryimage\",\"inLanguage\":\"es-PE\",\"url\":\"https:\/\/check.redneurocom.com\/molicom\/wp-content\/uploads\/2021\/10\/g_625_IMG_86491.jpg\",\"contentUrl\":\"https:\/\/check.redneurocom.com\/molicom\/wp-content\/uploads\/2021\/10\/g_625_IMG_86491.jpg\",\"width\":1063,\"height\":709},{\"@type\":\"WebPage\",\"@id\":\"https:\/\/check.redneurocom.com\/molicom\/?p=4663#webpage\",\"url\":\"https:\/\/check.redneurocom.com\/molicom\/?p=4663\",\"name\":\"Comercio & C\\u00eda. Llantas presente en Feria Internacional Minera - Grupo Molicom\",\"isPartOf\":{\"@id\":\"https:\/\/check.redneurocom.com\/molicom\/#website\"},\"primaryImageOfPage\":{\"@id\":\"https:\/\/check.redneurocom.com\/molicom\/?p=4663#primaryimage\"},\"datePublished\":\"2021-10-20T05:43:59+00:00\",\"dateModified\":\"2021-10-20T05:45:09+00:00\",\"breadcrumb\":{\"@id\":\"https:\/\/check.redneurocom.com\/molicom\/?p=4663#breadcrumb\"},\"inLanguage\":\"es-PE\",\"potentialAction\":[{\"@type\":\"ReadAction\",\"target\":[\"https:\/\/check.redneurocom.com\/molicom\/?p=4663\"]}]},{\"@type\":\"BreadcrumbList\",\"@id\":\"https:\/\/check.redneurocom.com\/molicom\/?p=4663#breadcrumb\",\"itemListElement\":[{\"@type\":\"ListItem\",\"position\":1,\"name\":\"Portada\",\"item\":\"https:\/\/check.redneurocom.com\/molicom\/\"},{\"@type\":\"ListItem\",\"position\":2,\"name\":\"Comercio &#038; C\\u00eda. Llantas presente en Feria Internacional Minera\"}]},{\"@type\":\"Article\",\"@id\":\"https:\/\/check.redneurocom.com\/molicom\/?p=4663#article\",\"isPartOf\":{\"@id\":\"https:\/\/check.redneurocom.com\/molicom\/?p=4663#webpage\"},\"author\":{\"@id\":\"https:\/\/check.redneurocom.com\/molicom\/#\/schema\/person\/42dc45bf92471a17d6a3f3f067495a85\"},\"headline\":\"Comercio &#038; C\\u00eda. Llantas presente en Feria Internacional Minera\",\"datePublished\":\"2021-10-20T05:43:59+00:00\",\"dateModified\":\"2021-10-20T05:45:09+00:00\",\"mainEntityOfPage\":{\"@id\":\"https:\/\/check.redneurocom.com\/molicom\/?p=4663#webpage\"},\"wordCount\":94,\"commentCount\":0,\"publisher\":{\"@id\":\"https:\/\/check.redneurocom.com\/molicom\/#organization\"},\"image\":{\"@id\":\"https:\/\/check.redneurocom.com\/molicom\/?p=4663#primaryimage\"},\"thumbnailUrl\":\"https:\/\/check.redneurocom.com\/molicom\/wp-content\/uploads\/2021\/10\/g_625_IMG_86491.jpg\",\"articleSection\":[\"Uncategorized\"],\"inLanguage\":\"es-PE\",\"potentialAction\":[{\"@type\":\"CommentAction\",\"name\":\"Comment\",\"target\":[\"https:\/\/check.redneurocom.com\/molicom\/?p=4663#respond\"]}]},{\"@type\":\"Person\",\"@id\":\"https:\/\/check.redneurocom.com\/molicom\/#\/schema\/person\/42dc45bf92471a17d6a3f3f067495a85\",\"name\":\"CTbc2cmOtX\",\"image\":{\"@type\":\"ImageObject\",\"@id\":\"https:\/\/check.redneurocom.com\/molicom\/#personlogo\",\"inLanguage\":\"es-PE\",\"url\":\"https:\/\/secure.gravatar.com\/avatar\/3a4c897acf21803c031405f6453c9958?s=96&d=mm&r=g\",\"contentUrl\":\"https:\/\/secure.gravatar.com\/avatar\/3a4c897acf21803c031405f6453c9958?s=96&d=mm&r=g\",\"caption\":\"CTbc2cmOtX\"},\"sameAs\":[\"https:\/\/check.redneurocom.com\/molicom\"],\"url\":\"https:\/\/check.redneurocom.com\/molicom\/?author=1\"}]}<\/script>\n<!-- \/ Yoast SEO plugin. -->","yoast_head_json":{"title":"Comercio & C\u00eda. Llantas presente en Feria Internacional Minera - Grupo Molicom","robots":{"index":"index","follow":"follow","max-snippet":"max-snippet:-1","max-image-preview":"max-image-preview:large","max-video-preview":"max-video-preview:-1"},"canonical":"https:\/\/check.redneurocom.com\/molicom\/?p=4663","og_locale":"es_ES","og_type":"article","og_title":"Comercio & C\u00eda. Llantas presente en Feria Internacional Minera - Grupo Molicom","og_description":"Comercio Amazon\u00eda, exportaci\u00f3n de caf\u00e9 peruano Las marcas Alliance, Galaxy y Primex de ATG presentaron sus principales modelos de neum\u00e1ticos. Para minicargadores el HULK Premium+ L5 de Galaxy; Para cargador frontal el 318 de Alliance y el G3000 de la marca Primex para motoniveladoras. De esta manera Comercio &amp; C\u00eda. Llantas ofreci\u00f3 una completa oferta &hellip; Comercio &#038; C\u00eda. Llantas presente en Feria Internacional Minera Read More &raquo;","og_url":"https:\/\/check.redneurocom.com\/molicom\/?p=4663","og_site_name":"Grupo Molicom","article_publisher":"https:\/\/www.facebook.com\/Grupo-Molicom-222968614426911","article_published_time":"2021-10-20T05:43:59+00:00","article_modified_time":"2021-10-20T05:45:09+00:00","og_image":[{"width":1063,"height":709,"url":"https:\/\/check.redneurocom.com\/molicom\/wp-content\/uploads\/2021\/10\/g_625_IMG_86491.jpg","type":"image\/jpeg"}],"twitter_card":"summary_large_image","twitter_misc":{"Written by":"CTbc2cmOtX","Est. reading time":"1 minuto"},"schema":{"@context":"https:\/\/schema.org","@graph":[{"@type":"Organization","@id":"https:\/\/check.redneurocom.com\/molicom\/#organization","name":"Miromina","url":"https:\/\/check.redneurocom.com\/molicom\/","sameAs":["https:\/\/www.facebook.com\/Grupo-Molicom-222968614426911","https:\/\/www.linkedin.com\/m\/login","https:\/\/www.youtube.com\/channel\/UCH483e_rvCIMxv23VT5EguA"],"logo":{"@type":"ImageObject","@id":"https:\/\/check.redneurocom.com\/molicom\/#logo","inLanguage":"es-PE","url":"https:\/\/check.redneurocom.com\/molicom\/wp-content\/uploads\/2020\/11\/logo-miromina.png","contentUrl":"https:\/\/check.redneurocom.com\/molicom\/wp-content\/uploads\/2020\/11\/logo-miromina.png","width":362,"height":97,"caption":"Miromina"},"image":{"@id":"https:\/\/check.redneurocom.com\/molicom\/#logo"}},{"@type":"WebSite","@id":"https:\/\/check.redneurocom.com\/molicom\/#website","url":"https:\/\/check.redneurocom.com\/molicom\/","name":"Grupo Molicom","description":"Peruanos trabajando por el crecimiento del pais","publisher":{"@id":"https:\/\/check.redneurocom.com\/molicom\/#organization"},"potentialAction":[{"@type":"SearchAction","target":{"@type":"EntryPoint","urlTemplate":"https:\/\/check.redneurocom.com\/molicom\/?s={search_term_string}"},"query-input":"required name=search_term_string"}],"inLanguage":"es-PE"},{"@type":"ImageObject","@id":"https:\/\/check.redneurocom.com\/molicom\/?p=4663#primaryimage","inLanguage":"es-PE","url":"https:\/\/check.redneurocom.com\/molicom\/wp-content\/uploads\/2021\/10\/g_625_IMG_86491.jpg","contentUrl":"https:\/\/check.redneurocom.com\/molicom\/wp-content\/uploads\/2021\/10\/g_625_IMG_86491.jpg","width":1063,"height":709},{"@type":"WebPage","@id":"https:\/\/check.redneurocom.com\/molicom\/?p=4663#webpage","url":"https:\/\/check.redneurocom.com\/molicom\/?p=4663","name":"Comercio & C\u00eda. Llantas presente en Feria Internacional Minera - Grupo Molicom","isPartOf":{"@id":"https:\/\/check.redneurocom.com\/molicom\/#website"},"primaryImageOfPage":{"@id":"https:\/\/check.redneurocom.com\/molicom\/?p=4663#primaryimage"},"datePublished":"2021-10-20T05:43:59+00:00","dateModified":"2021-10-20T05:45:09+00:00","breadcrumb":{"@id":"https:\/\/check.redneurocom.com\/molicom\/?p=4663#breadcrumb"},"inLanguage":"es-PE","potentialAction":[{"@type":"ReadAction","target":["https:\/\/check.redneurocom.com\/molicom\/?p=4663"]}]},{"@type":"BreadcrumbList","@id":"https:\/\/check.redneurocom.com\/molicom\/?p=4663#breadcrumb","itemListElement":[{"@type":"ListItem","position":1,"name":"Portada","item":"https:\/\/check.redneurocom.com\/molicom\/"},{"@type":"ListItem","position":2,"name":"Comercio &#038; C\u00eda. Llantas presente en Feria Internacional Minera"}]},{"@type":"Article","@id":"https:\/\/check.redneurocom.com\/molicom\/?p=4663#article","isPartOf":{"@id":"https:\/\/check.redneurocom.com\/molicom\/?p=4663#webpage"},"author":{"@id":"https:\/\/check.redneurocom.com\/molicom\/#\/schema\/person\/42dc45bf92471a17d6a3f3f067495a85"},"headline":"Comercio &#038; C\u00eda. Llantas presente en Feria Internacional Minera","datePublished":"2021-10-20T05:43:59+00:00","dateModified":"2021-10-20T05:45:09+00:00","mainEntityOfPage":{"@id":"https:\/\/check.redneurocom.com\/molicom\/?p=4663#webpage"},"wordCount":94,"commentCount":0,"publisher":{"@id":"https:\/\/check.redneurocom.com\/molicom\/#organization"},"image":{"@id":"https:\/\/check.redneurocom.com\/molicom\/?p=4663#primaryimage"},"thumbnailUrl":"https:\/\/check.redneurocom.com\/molicom\/wp-content\/uploads\/2021\/10\/g_625_IMG_86491.jpg","articleSection":["Uncategorized"],"inLanguage":"es-PE","potentialAction":[{"@type":"CommentAction","name":"Comment","target":["https:\/\/check.redneurocom.com\/molicom\/?p=4663#respond"]}]},{"@type":"Person","@id":"https:\/\/check.redneurocom.com\/molicom\/#\/schema\/person\/42dc45bf92471a17d6a3f3f067495a85","name":"CTbc2cmOtX","image":{"@type":"ImageObject","@id":"https:\/\/check.redneurocom.com\/molicom\/#personlogo","inLanguage":"es-PE","url":"https:\/\/secure.gravatar.com\/avatar\/3a4c897acf21803c031405f6453c9958?s=96&d=mm&r=g","contentUrl":"https:\/\/secure.gravatar.com\/avatar\/3a4c897acf21803c031405f6453c9958?s=96&d=mm&r=g","caption":"CTbc2cmOtX"},"sameAs":["https:\/\/check.redneurocom.com\/molicom"],"url":"https:\/\/check.redneurocom.com\/molicom\/?author=1"}]}},"_links":{"self":[{"href":"https:\/\/check.redneurocom.com\/molicom\/index.php?rest_route=\/wp\/v2\/posts\/4663"}],"collection":[{"href":"https:\/\/check.redneurocom.com\/molicom\/index.php?rest_route=\/wp\/v2\/posts"}],"about":[{"href":"https:\/\/check.redneurocom.com\/molicom\/index.php?rest_route=\/wp\/v2\/types\/post"}],"author":[{"embeddable":true,"href":"https:\/\/check.redneurocom.com\/molicom\/index.php?rest_route=\/wp\/v2\/users\/1"}],"replies":[{"embeddable":true,"href":"https:\/\/check.redneurocom.com\/molicom\/index.php?rest_route=%2Fwp%2Fv2%2Fcomments&post=4663"}],"version-history":[{"count":1,"href":"https:\/\/check.redneurocom.com\/molicom\/index.php?rest_route=\/wp\/v2\/posts\/4663\/revisions"}],"predecessor-version":[{"id":4666,"href":"https:\/\/check.redneurocom.com\/molicom\/index.php?rest_route=\/wp\/v2\/posts\/4663\/revisions\/4666"}],"wp:featuredmedia":[{"embeddable":true,"href":"https:\/\/check.redneurocom.com\/molicom\/index.php?rest_route=\/wp\/v2\/media\/4667"}],"wp:attachment":[{"href":"https:\/\/check.redneurocom.com\/molicom\/index.php?rest_route=%2Fwp%2Fv2%2Fmedia&parent=4663"}],"wp:term":[{"taxonomy":"category","embeddable":true,"href":"https:\/\/check.redneurocom.com\/molicom\/index.php?rest_route=%2Fwp%2Fv2%2Fcategories&post=4663"},{"taxonomy":"post_tag","embeddable":true,"href":"https:\/\/check.redneurocom.com\/molicom\/index.php?rest_route=%2Fwp%2Fv2%2Ftags&post=4663"}],"curies":[{"name":"wp","href":"https:\/\/api.w.org\/{rel}","templated":true}]}}